{"id":851,"date":"2014-05-23T17:23:26","date_gmt":"2014-05-23T15:23:26","guid":{"rendered":"http:\/\/iconsiglidiziajo.noblogs.org\/?p=851"},"modified":"2014-05-23T19:06:50","modified_gmt":"2014-05-23T17:06:50","slug":"la-delega","status":"publish","type":"post","link":"https:\/\/iconsiglidiziajo.noblogs.org\/?p=851","title":{"rendered":"La delega"},"content":{"rendered":"<p style=\"text-align: justify\"><img loading=\"lazy\" decoding=\"async\" class=\"aligncenter size-full wp-image-834\" src=\"https:\/\/iconsiglidiziajo.noblogs.org\/files\/2014\/05\/tumblr_lhjl3zCkHn1qgyqymo1_500.jpg\" alt=\"\" width=\"500\" height=\"330\" srcset=\"https:\/\/iconsiglidiziajo.noblogs.org\/files\/2014\/05\/tumblr_lhjl3zCkHn1qgyqymo1_500.jpg 500w, https:\/\/iconsiglidiziajo.noblogs.org\/files\/2014\/05\/tumblr_lhjl3zCkHn1qgyqymo1_500-300x198.jpg 300w\" sizes=\"auto, (max-width: 500px) 100vw, 500px\" \/><\/p>\n<p style=\"text-align: justify\">Domenica prossima si voter\u00e0 ancora, per l&#8217;ennesima volta. C&#8217;\u00e8 chi deve eleggere l&#8217;amministrazione comunale e\/o chi voter\u00e0 per le cosiddette europee: fatto sta che una buona fetta di persone si recher\u00e0 alle urne per mettere una crocetta su una scheda elettorale con una riflessione pi\u00f9 o meno approfondita sull&#8217;atto che sta compiendo.<\/p>\n<p style=\"text-align: justify\">Purtroppo, o per fortuna, l&#8217;attenzione per il voto o il diritto di voto non \u00e8 mai diretta verso\u00a0 la figura del votante ma al contrario \u00e8 riservata all&#8217;astensionista, identificata come figura silente, amalgamata in una maggioranza in ombra, risoluta o titubante (i cosiddetti \u201cindecisi\u201d) a seconda dei contesti.<\/p>\n<p style=\"text-align: justify\">L&#8217;astensionismo in realt\u00e0 \u00e8 un fenomeno molto complesso che racchiude una vasta gamma di pensieri molto diversi tra loro: si va dal menefreghista vero e proprio alla persona non informata a chi non riesce a riconoscersi in nessun partito politico ai disillusi della politica partitica agli anarchici a tante variegate diversit\u00e0, tante quante sono le personalit\u00e0 che compongono questa galassia non partecipante.<!--more--><\/p>\n<p style=\"text-align: justify\">Negli ultimi anni sono stati effettuati molti studi sull&#8217;astensionismo in diversi Paesi e sono stati sviluppati alcuni progetti interessanti a tale proposito, ma ci\u00f2 che resiste e sommerge un dibattito intelligente sull&#8217;argomento, spiace dirlo, \u00e8 soprattutto il pregiudizio e lo stigma sociale nei confronti di chi non va a votare, una preclusione talmente forte e difficile da scardinare che spesso e volentieri porta ad identificare la scelta del non recarsi alle urne con il menefreghismo:<\/p>\n<p style=\"text-align: justify\"><img loading=\"lazy\" decoding=\"async\" class=\"aligncenter size-full wp-image-837\" src=\"https:\/\/iconsiglidiziajo.noblogs.org\/files\/2014\/05\/Screenshot-23_05_2014-12.42.jpg\" alt=\"\" width=\"459\" height=\"43\" srcset=\"https:\/\/iconsiglidiziajo.noblogs.org\/files\/2014\/05\/Screenshot-23_05_2014-12.42.jpg 459w, https:\/\/iconsiglidiziajo.noblogs.org\/files\/2014\/05\/Screenshot-23_05_2014-12.42-300x28.jpg 300w\" sizes=\"auto, (max-width: 459px) 100vw, 459px\" \/><\/p>\n<p style=\"text-align: justify\">Le altre accuse agli astensionisti di solito sono sempre le stesse e si rifanno ad un bacino comune stereotipato di frasi populiste sentite, rimasticate e sputate senza alcun vaglio critico. Far\u00f2 altri banali esempi sempre tratti da Internazionale di questa settimana e relativi commenti:<\/p>\n<p style=\"text-align: justify\"><img loading=\"lazy\" decoding=\"async\" class=\"aligncenter size-full wp-image-835\" src=\"https:\/\/iconsiglidiziajo.noblogs.org\/files\/2014\/05\/Screenshot-23_05_2014-12.41.jpg\" alt=\"\" width=\"456\" height=\"42\" srcset=\"https:\/\/iconsiglidiziajo.noblogs.org\/files\/2014\/05\/Screenshot-23_05_2014-12.41.jpg 456w, https:\/\/iconsiglidiziajo.noblogs.org\/files\/2014\/05\/Screenshot-23_05_2014-12.41-300x27.jpg 300w\" sizes=\"auto, (max-width: 456px) 100vw, 456px\" \/><\/p>\n<p style=\"text-align: justify\">Questa \u00e8 una delle frasi che gli astensionisti si sentono dire pi\u00f9 spesso e che dovrebbe instillare una sorta di senso di colpa cristiano per non essere andati a votare. La prima volta che me l&#8217;hanno detta ci sono rimasta di porfido: ma come? C&#8217;\u00e8 gente che \u00e8 morta per farmi votare e io non lo sapevo? E chi \u00e8? Ovviamente poi, preoccupatissima, sono andata a sbirciare la storia dei movimenti per il diritto al voto e ho scoperto che qualcuno ci ha rimesso le penne davvero (ad esempio la suffragetta Emily Davison) ma ho scoperto anche che molta gente, al contrario, \u00e8 morta perch\u00e8 invece io non votassi affatto e non delegassi a nessuno la mia responsabilit\u00e0 politica e sociale.<\/p>\n<p style=\"text-align: justify\">In realt\u00e0 tale asserzione ha un sottofondo populista non indifferente, con quella frase ti vorrebbero dire che i partigiani hanno combattuto non per liberare il loro paese (o il paese di altri) dal nazifascismo ma per far s\u00ec che le persone possano recarsi alle urne. Questo \u00e8 un falso storico clamoroso a cui non vale neanche la pena rispondere e che si rif\u00e0 ad una certa idea di monopolio dell&#8217;antifascismo che per fortuna, nel corso degli anni, \u00e8 stata abbondantemente superata.<\/p>\n<p style=\"text-align: center\">&#8220;Chi non vota perde\/dovrebbe perdere il diritto di voto&#8221;<\/p>\n<p style=\"text-align: justify\">Ovvio. Chi non divorzia perde o dovrebbe perdere il diritto di divorziare. Chi non abortisce dovrebbe perdere il diritto all&#8217;aborto. Chi non studia dovrebbe perdere il diritto allo studio e cos\u00ec via. Questo, ahim\u00e8, \u00e8 uno dei tanti rovesci della medaglia del vivere in una democrazia rappresentativa: dimenticare ogni significato, anche quello pi\u00f9 basilare, non solo la lotta e l&#8217;ottenimento ma anche il senso della parola \u201cdiritto\u201d, un po&#8217; per pigrizia e un po&#8217; per menefreghismo, per l&#8217;appunto.<\/p>\n<p style=\"text-align: justify\"><img loading=\"lazy\" decoding=\"async\" class=\"aligncenter size-full wp-image-838\" src=\"https:\/\/iconsiglidiziajo.noblogs.org\/files\/2014\/05\/Screenshot-23_05_2014-12.43.jpg\" alt=\"\" width=\"478\" height=\"46\" srcset=\"https:\/\/iconsiglidiziajo.noblogs.org\/files\/2014\/05\/Screenshot-23_05_2014-12.43.jpg 478w, https:\/\/iconsiglidiziajo.noblogs.org\/files\/2014\/05\/Screenshot-23_05_2014-12.43-300x28.jpg 300w\" sizes=\"auto, (max-width: 478px) 100vw, 478px\" \/><\/p>\n<p style=\"text-align: justify\">Ma perch\u00e8? Se non voto muoio? O mi si secca la lingua? Sono forse esonerata dal pagare le tasse? La politica \u00e8 un affare di tutti e di tutte, non pu\u00f2 essere privilegio e appannaggio solo di alcune persone (i votanti) esprimere un parere su gestione, amministrazione, organizzazione. Questo \u00e8 un altro di quei paradossi e cortocircuiti della democrazia rappresentativa con cui spesso ci si ritrova ad avere a che fare e che purtroppo \u00e8 stato usato nel corso di questi anni per fare leva e discriminare persone che non hanno accesso al voto per causa di forza maggiore, come molte persone migranti.<\/p>\n<p style=\"text-align: center\">***<\/p>\n<p style=\"text-align: justify\">Insomma, il focus su voto e diritto di voto rimane sempre concentrato sull&#8217;astensionista, la parte colpevole della societ\u00e0, colui o colei che d\u00e0 il silenzio-assenso, che si rimette alla cosiddetta volont\u00e0 degli altri.<\/p>\n<p style=\"text-align: justify\">Ci\u00f2 che viene invece chiamato \u201cmeccanismo della delega\u201d difficilmente \u00e8 preso in considerazione, anzi talvolta risulta un argomento noioso e evitato dagli anarchici stessi che si ritrovano invece a criticare l&#8217;astensionismo fine a se stesso, quello non militante o non accompagnato da spirito d&#8217;insurrezione (e di questo si pu\u00f2 discutere ma non ora, non qui, in questa pingue immane frana).<\/p>\n<p style=\"text-align: justify\">Invece siccome io adoro ciarlare a vanvera delle cose di cui non parla nessuno direi che andare a toccare il meccanismo della delega ci sta tutto in questo momento. Detto anche \u201cil meccanismo del non me ne pu\u00f2 fregare di meno, una crocetta e passa la paura\u201d o &#8220;il miglior modo per lavarsi la coscienza&#8221; a seconda di come gira, \u00e8 qualcosa che tutti e tutte abbiamo vissuto talvolta nella vita quindi racconter\u00f2 una storiella abbastanza comune che a molte persone, ne sono certa, non piacer\u00e0 affatto.<\/p>\n<p style=\"text-align: center\">***<\/p>\n<p style=\"text-align: justify\"><span style=\"color: #000080\"><em>E oggi \u00e8 domenica e Pincopallo va a votare per le europee, e siccome \u00e8 ateo non va mica a messa la domenica mattina, non scherziamo, va alle urne a fare il suo dovere di cittadino perch\u00e8 lui dello Stato si fida.<\/em><\/span><\/p>\n<p style=\"text-align: justify\"><span style=\"color: #000080\"><em>E&#8217; una bella giornata di sole, Pincopallo sorride tra s\u00e8 nel vedere tutte quelle persone che vanno in chiesa vestite con l&#8217;abito buono e pensa che non ha mai capito come possano avere fede in qualcosa che non esiste, gli sembra veramente assurdo.<\/em><\/span><\/p>\n<p style=\"text-align: justify\"><span style=\"color: #000080\"><em>Arrivato al seggio entra tranquillo, c&#8217;\u00e8 poca gente, ha tutto il tempo per dare un&#8217;occhiata ai giganteschi tabelloni con le liste appeso all&#8217;ingresso.<\/em><\/span><\/p>\n<p style=\"text-align: justify\"><span style=\"color: #000080\"><em>E l\u00ec: il panico.<\/em><\/span><\/p>\n<p style=\"text-align: justify\"><span style=\"color: #000080\"><em>Ma che \u00e8 tutta questa roba? Asp\u00e8, ma questo simbolo? E questo? E quest&#8217;altro?<\/em><\/span><\/p>\n<p style=\"text-align: justify\"><span style=\"color: #000080\"><em>Non \u00e8 che lui non si sia informato, ci mancherebbe, anzi ha visto tutte quelle trasmissioni in tv con Santoro e con Vespa quindi le cose le sa, cio\u00e8: pi\u00f9 o meno le sa, a grandi linee.<\/em><\/span><\/p>\n<p style=\"text-align: justify\"><span style=\"color: #000080\"><em>Ma tutto questo ambaradan proprio non lo conosce.<\/em><\/span><\/p>\n<p style=\"text-align: justify\"><span style=\"color: #000080\"><em>Per\u00f2 asp\u00e8, quel suo amico ha detto che quel candidato l\u00ec \u00e8 un tipo onesto ma no, l&#8217;amico non vota il suo stesso partito e quindi ciccia, la decisione rimane presa e basta.\u00a0<\/em><\/span><\/p>\n<p style=\"text-align: justify\"><span style=\"color: #000080\"><em>Eppure, nonostante la fermezza, resta l\u00ec un buon quarto d&#8217;ora a guardare con la bocca semiaperta tutti quei nomi di cui non aveva idea, e come lui anche altri elettori, e si accorgono della presenza l&#8217;uno dell&#8217;altro e un po&#8217; si vergognano tra di loro, di quegli sguardi e delle loro perplessit\u00e0, si sentono in colpa, come se qualcuno li avesse sorpresi a rubare.<\/em><\/span><\/p>\n<p style=\"text-align: justify\"><span style=\"color: #000080\"><em>Pincopallo si muove verso la presidente di seggio che, espletate le formalit\u00e0 della tessera elettorale e del documento, gli consegna scheda e matita. Dentro la cabina elettorale quella scheda sembra grandissima, piena di simboli, cos\u00ec non se l&#8217;aspettava proprio e ogni volta la sorpresa \u00e8 la stessa identica precisa. Mette la X sul Partito Fuffa senza pensarci troppo, ripiega la scheda ed esce.<\/em><\/span><\/p>\n<p style=\"text-align: justify\"><span style=\"color: #000080\"><em>\u201cPincopallo ha votato\u201d dice la presidente del seggio. Fatto? Fatto.<\/em><\/span><\/p>\n<p style=\"text-align: justify\"><span style=\"color: #000080\"><em>Pincopallo ha votato. Quindi se ne va, tranquillo, leggero. Pi\u00f9 o meno. Perch\u00e8 la leggerezza non dura tanto, perch\u00e8 comincia a farsi strane domande. Tipo chi ha votato alle ultime europee.<\/em><\/span><\/p>\n<p style=\"text-align: justify\"><span style=\"color: #000080\"><em>Si ricorda il partito, certo, il Partito Fuffa ovviamente, ma fu eletta gente di quel partito che lui non aveva scelto, chi minchia era quella gente? Non se lo ricorda mica.<\/em><\/span><\/p>\n<p style=\"text-align: justify\"><span style=\"color: #000080\"><em>Insomma, non sa chi ha eletto durante le ultime elezioni europee, non sa chi ha contribuito a mandare al potere e prendere decisioni per lui, non sa se quelle persone si sono comportate bene o male. <\/em><\/span><\/p>\n<p style=\"text-align: justify\"><span style=\"color: #000080\"><em>Non sa n\u00e9 chi sono quelle persone n\u00e9 per quale provvedimento hanno votato, se in tale giorno si sono dichiarati favorevoli a tali sovvenzioni per l&#8217;agricoltura, se erano contrari o si sono astenuti per una normativa su scuola, salute, sull&#8217;economia, non sa se le risoluzioni che hanno preso gli sono andate bene o sono a suo sfavore. <\/em><\/span><\/p>\n<p style=\"text-align: justify\"><span style=\"color: #000080\"><em>Non lo sa perch\u00e8 non si \u00e8 informato o forse perch\u00e8 non si pu\u00f2 informare, perch\u00e8 nessuno gli dice se gli eletti (quelli che lui non ha scelto direttamente) quel giorno in cui si decideva tale cosa erano presenti o assenti e che lavoro hanno svolto nei tanti anni in cui hanno occupato quella poltrona; ci sono solo i loro propagandistici e parziali interventi sui blogghini personali che aggiornano ogni tanto e basta.<\/em><\/span><\/p>\n<p style=\"text-align: justify\"><span style=\"color: #000080\"><em>Pincopallo non pu\u00f2 accedere alla politica a quei livelli e non pu\u00f2 partcipare alle decisioni che vengono prese ogni giorno, tutti i giorni, sulla pelle delle persone, non \u00e8 messo nella condizione di poterlo fare.<\/em><\/span><\/p>\n<p style=\"text-align: justify\"><span style=\"color: #000080\"><em>Ma c&#8217;\u00e8 di pi\u00f9: Pincopallo si \u00e8 disinteressato delegando a partiti e persone che non conosce, ha compiuto il suo diritto-dovere e se n&#8217;\u00e8 fregato, non si \u00e8 posto proprio il problema di andare a sapere che fine ha fatto il suo voto. Ha rinunciato alla sua esigenza di fare politica diventando passivo anzich\u00e8 attivo.<\/em><\/span><\/p>\n<p style=\"text-align: justify\"><span style=\"color: #000080\"><em>L&#8217;unica cosa che gli \u00e8 rimasta e che sceglie di fare \u00e8 mettere la croce sulla scheda e sperare che tutto vada bene. Avere fede nel proprio partito, nel proprio Stato e nella Costituzione che difende tanto nei commenti su facebook.<\/em><\/span><\/p>\n<p style=\"text-align: justify\"><span style=\"color: #000080\"><em>Avere fede come quelli che vanno a messa e che non capir\u00e0 mai.<\/em><\/span><\/p>\n<p style=\"text-align: justify\"><img loading=\"lazy\" decoding=\"async\" class=\"aligncenter size-full wp-image-860\" src=\"https:\/\/iconsiglidiziajo.noblogs.org\/files\/2014\/05\/tumblr_lif6teyeb01qft3neo1_400.jpg\" alt=\"tumblr_lif6teyeb01qft3neo1_400\" width=\"400\" height=\"586\" srcset=\"https:\/\/iconsiglidiziajo.noblogs.org\/files\/2014\/05\/tumblr_lif6teyeb01qft3neo1_400.jpg 400w, https:\/\/iconsiglidiziajo.noblogs.org\/files\/2014\/05\/tumblr_lif6teyeb01qft3neo1_400-204x300.jpg 204w\" sizes=\"auto, (max-width: 400px) 100vw, 400px\" \/><\/p>\n","protected":false},"excerpt":{"rendered":"<p>Domenica prossima si voter\u00e0 ancora, per l&#8217;ennesima volta. C&#8217;\u00e8 chi deve eleggere l&#8217;amministrazione comunale e\/o chi voter\u00e0 per le cosiddette europee: fatto sta che una buona fetta di persone si recher\u00e0 alle urne per mettere una crocetta su una scheda &hellip; <a href=\"https:\/\/iconsiglidiziajo.noblogs.org\/?p=851\">Continua a leggere<span class=\"meta-nav\">&rarr;<\/span><\/a><\/p>\n","protected":false},"author":2031,"featured_media":0,"comment_status":"open","ping_status":"open","sticky":false,"template":"","format":"standard","meta":{"footnotes":""},"categories":[5],"tags":[124,123],"class_list":["post-851","post","type-post","status-publish","format-standard","hentry","category-secondi-e-contorni","tag-anarchia","tag-astensionismo"],"_links":{"self":[{"href":"https:\/\/iconsiglidiziajo.noblogs.org\/index.php?rest_route=\/wp\/v2\/posts\/851","targetHints":{"allow":["GET"]}}],"collection":[{"href":"https:\/\/iconsiglidiziajo.noblogs.org\/index.php?rest_route=\/wp\/v2\/posts"}],"about":[{"href":"https:\/\/iconsiglidiziajo.noblogs.org\/index.php?rest_route=\/wp\/v2\/types\/post"}],"author":[{"embeddable":true,"href":"https:\/\/iconsiglidiziajo.noblogs.org\/index.php?rest_route=\/wp\/v2\/users\/2031"}],"replies":[{"embeddable":true,"href":"https:\/\/iconsiglidiziajo.noblogs.org\/index.php?rest_route=%2Fwp%2Fv2%2Fcomments&post=851"}],"version-history":[{"count":13,"href":"https:\/\/iconsiglidiziajo.noblogs.org\/index.php?rest_route=\/wp\/v2\/posts\/851\/revisions"}],"predecessor-version":[{"id":867,"href":"https:\/\/iconsiglidiziajo.noblogs.org\/index.php?rest_route=\/wp\/v2\/posts\/851\/revisions\/867"}],"wp:attachment":[{"href":"https:\/\/iconsiglidiziajo.noblogs.org\/index.php?rest_route=%2Fwp%2Fv2%2Fmedia&parent=851"}],"wp:term":[{"taxonomy":"category","embeddable":true,"href":"https:\/\/iconsiglidiziajo.noblogs.org\/index.php?rest_route=%2Fwp%2Fv2%2Fcategories&post=851"},{"taxonomy":"post_tag","embeddable":true,"href":"https:\/\/iconsiglidiziajo.noblogs.org\/index.php?rest_route=%2Fwp%2Fv2%2Ftags&post=851"}],"curies":[{"name":"wp","href":"https:\/\/api.w.org\/{rel}","templated":true}]}}