{"id":672,"date":"2013-04-04T22:37:14","date_gmt":"2013-04-04T20:37:14","guid":{"rendered":"http:\/\/iconsiglidiziajo.noblogs.org\/?p=672"},"modified":"2013-04-05T00:07:43","modified_gmt":"2013-04-04T22:07:43","slug":"io-non-sto-con-le-femen","status":"publish","type":"post","link":"https:\/\/iconsiglidiziajo.noblogs.org\/?p=672","title":{"rendered":"Io non sto con le Femen"},"content":{"rendered":"<p style=\"text-align: justify\">Le ho conosciute le Femen italiane al secondo <a href=\"https:\/\/feministblogcamp.noblogs.org\/\">Feminist Blog Camp<\/a>, non erano quelle famose alte magre magre molto bianche bionde tipo Inna Schevchenko, che trovi in ogni dove sui quotidiani pi\u00f9 pruriginosi (tipo RePubica e Le Ore), erano proprio ragazze italiane: simpatiche, intraprendenti, con le idee chiarissime su ci\u00f2 che vogliono ottenere e su come.<\/p>\n<p style=\"text-align: justify\">Le ho tempestate di domande e mi hanno riposto belle precise e dirette come piacciono a me, perfino sulla loro contrariet\u00e0 alla prostituzione volontaria. Per\u00f2 io non sto con le Femen, e mi spiace un po&#8217; dirlo perch\u00e8 mi sembra retorico ma forse era anche ora che lo dicessi che le loro azioni non le condivido <strong>proprio per niente<\/strong>.<\/p>\n<p style=\"text-align: justify\">Per oggi le Femen hanno organizzato la \u201cTopless Jihad\u201d per la &#8220;liberazione&#8221; di Amina (una Femen tunisina di cui non si hanno notizie confortanti per il momento) in varie citt\u00e0 e non si capisce perch\u00e8 l&#8217;azione pi\u00f9 clamorosa si sia tenuta a Parigi davanti ad una moderatissima moschea, che proprio un covo di cattivi salafiti non \u00e8, oltretutto in Francia che non mi risulta essere la Tunisia, ma forse gli si sar\u00e0 spirato il passaporto senn\u00f2 potevano prendere anche la nave, ricordo che un tempo c&#8217;era il traghetto Tirrenia che partiva una volta a settimana da Cagliari, ma volendo potevano prendere pure la SNCM che i corsi, per dirla alla Julio Iglesias, sono un po&#8217; pirati un po&#8217; signori..<\/p>\n<p style=\"text-align: justify\">Ma sto divagando.<\/p>\n<div id=\"attachment_674\" style=\"width: 160px\" class=\"wp-caption alignleft\"><img loading=\"lazy\" decoding=\"async\" aria-describedby=\"caption-attachment-674\" class=\"size-thumbnail wp-image-674 \" alt=\"\" src=\"https:\/\/iconsiglidiziajo.noblogs.org\/files\/2013\/04\/wm.aspx_-150x150.jpg\" width=\"150\" height=\"150\" \/><p id=\"caption-attachment-674\" class=\"wp-caption-text\">Una pericolosissima Femen<\/p><\/div>\n<p style=\"text-align: justify\">Tra i mille gossip che circondano le loro azioni arriva perfino la voce che alcune attiviste francesi abbiano <a href=\"http:\/\/www.franceinter.fr\/les-indiscrets-rififi-chez-les-femen\">abbandonato<\/a> Femen durante questa &#8220;topless jihad&#8221;: purtroppo ormai non si sa pi\u00f9 se credere o no a ci\u00f2 che accompagna questa organizzazione, l&#8217;unica cosa reale sono le immagini di poliziotti che si accaniscono su ragazze seminude e indifese, spesso trascinate con la forza: uomini coraggiosissimi che compiono sforzi sovrumani per allontanare queste esili donne armate di tette nude pericolosissime, come ben insegna la mitica Afrodite A.<\/p>\n<p style=\"text-align: justify\">Trovo curioso anche che le Femen non siano andate a manifestare pro Amina durante il Forum Sociale Mondiale che si \u00e8 chiuso solo 4 giorni fa proprio a Tunisi: l\u00ec avrebbero trovato le compagne anarcofemministe di Feminism Attack e molte altre femministe tunisine. C&#8217;erano perfino le donne che rivendicano il niqab come strumento antioppressivo e anticoloniale, magari ci si poteva, perch\u00e8 no, <strong>parlare<\/strong>, ma si sa che io ho idee stranissime su come debbano andare le cose tra esseri umani.<\/p>\n<p style=\"text-align: justify\">Tra le tante anime che agitano la Tunisia in questa grande transizione nessun movimento di supporto \u00e8 nato per il caso di Amina, un caso tutto occidentale che trova il suo apice nella marea islamofoba che ormai monta in tutta Europa e trova terreno fertile in tante donne bianche che non lottano pi\u00f9 per se stesse ma per liberare <em>bovera donna afrigana obbressa<\/em>.<\/p>\n<p style=\"text-align: justify\">In questi giorni ormai lo smarcarsi prende il largo, mi imbatto perfino in una pagina facebook dal titolo esplicativo: \u201cLa Femme Tunisienne n&#8217;est ni Femen ni Meherzia\u201d dove per Femen si intende Femen e per Meherzia si intende proprio Meherzia Labidi del partito Ennahda: invece delle immagini di Amina che occhieggiano ovunque dai nostri informatissimi media troviamo le foto dell&#8217;immarcescibile Nawal al Sa&#8217;dawi, vera fonte di ispirazione e grande punto di riferimento per tantissime femministe arabe.<\/p>\n<p style=\"text-align: justify\">Sui siti italici invece \u00e8 tutto un montare di notizie assurde e fugaci tra blogger che ci danno notizia dell&#8217;instaurazione della shari&#8217;a (cos\u00ec, da un giorno all&#8217;altro) e giornalisti che si inventano lapidazioni pubbliche di donne con il seno scoperto: tutto ci\u00f2 farebbe anche molto ridere se non fosse che fino a poco tempo fa questa gente stava tutta affacciata a osservare la famosa \u201cprimavera araba\u201d. I technocuriosi che erano impegnati a discettare di politica su <a href=\"http:\/\/nawaat.org\/portail\/\">Nawaat de Tunisie<\/a> e a fare tanto i fighi su come il &#8220;d\u00e9gage&#8221; poteva finire ora non sanno pi\u00f9 nulla, che sar\u00e0 successo bho, questi tunisini sono spacciati, per fortuna ci sono le Femen che fanno finalmente luce sulla condizione delle donne tunisine e forse forse riusciranno pure a toglierglielo questo velo, magari strappandoglielo anche di dosso, chissenefrega.<\/p>\n<p style=\"text-align: justify\">Io non sto con le Femen, non riesco proprio a starci, preferisco mille volte stare con le donne che desiderano autodeterminare la propria lotta senza interventi neocolonialisti di donne islamofobe che ormai si trovano un po&#8217; ovunque, sono come la zizzania, tutte molto impegnate a fare guerra a sorelle che per un malcelato razzismo sarebbero pi\u00f9 oppresse di loro e che proprio non ne vogliono sapere di essere liberate. Fortunatamente.<\/p>\n<p><a href=\"http:\/\/www.youtube.com\/watch?v=pXVlQTC2yB0\">http:\/\/www.youtube.com\/watch?v=pXVlQTC2yB0<\/a><\/p>\n","protected":false},"excerpt":{"rendered":"<p>Le ho conosciute le Femen italiane al secondo Feminist Blog Camp, non erano quelle famose alte magre magre molto bianche bionde tipo Inna Schevchenko, che trovi in ogni dove sui quotidiani pi\u00f9 pruriginosi (tipo RePubica e Le Ore), erano proprio &hellip; <a href=\"https:\/\/iconsiglidiziajo.noblogs.org\/?p=672\">Continua a leggere<span class=\"meta-nav\">&rarr;<\/span><\/a><\/p>\n","protected":false},"author":2031,"featured_media":0,"comment_status":"open","ping_status":"open","sticky":false,"template":"","format":"standard","meta":{"footnotes":""},"categories":[8],"tags":[108,112,81,111],"class_list":["post-672","post","type-post","status-publish","format-standard","hentry","category-primi-piatti-e-femminismo","tag-colonialismo","tag-femen","tag-femminismi","tag-tunisia"],"_links":{"self":[{"href":"https:\/\/iconsiglidiziajo.noblogs.org\/index.php?rest_route=\/wp\/v2\/posts\/672","targetHints":{"allow":["GET"]}}],"collection":[{"href":"https:\/\/iconsiglidiziajo.noblogs.org\/index.php?rest_route=\/wp\/v2\/posts"}],"about":[{"href":"https:\/\/iconsiglidiziajo.noblogs.org\/index.php?rest_route=\/wp\/v2\/types\/post"}],"author":[{"embeddable":true,"href":"https:\/\/iconsiglidiziajo.noblogs.org\/index.php?rest_route=\/wp\/v2\/users\/2031"}],"replies":[{"embeddable":true,"href":"https:\/\/iconsiglidiziajo.noblogs.org\/index.php?rest_route=%2Fwp%2Fv2%2Fcomments&post=672"}],"version-history":[{"count":7,"href":"https:\/\/iconsiglidiziajo.noblogs.org\/index.php?rest_route=\/wp\/v2\/posts\/672\/revisions"}],"predecessor-version":[{"id":680,"href":"https:\/\/iconsiglidiziajo.noblogs.org\/index.php?rest_route=\/wp\/v2\/posts\/672\/revisions\/680"}],"wp:attachment":[{"href":"https:\/\/iconsiglidiziajo.noblogs.org\/index.php?rest_route=%2Fwp%2Fv2%2Fmedia&parent=672"}],"wp:term":[{"taxonomy":"category","embeddable":true,"href":"https:\/\/iconsiglidiziajo.noblogs.org\/index.php?rest_route=%2Fwp%2Fv2%2Fcategories&post=672"},{"taxonomy":"post_tag","embeddable":true,"href":"https:\/\/iconsiglidiziajo.noblogs.org\/index.php?rest_route=%2Fwp%2Fv2%2Ftags&post=672"}],"curies":[{"name":"wp","href":"https:\/\/api.w.org\/{rel}","templated":true}]}}