{"id":247,"date":"2011-04-28T23:51:25","date_gmt":"2011-04-28T21:51:25","guid":{"rendered":"http:\/\/iconsiglidiziajo.noblogs.org\/?p=247"},"modified":"2011-04-28T23:51:25","modified_gmt":"2011-04-28T21:51:25","slug":"santiago","status":"publish","type":"post","link":"https:\/\/iconsiglidiziajo.noblogs.org\/?p=247","title":{"rendered":"Santiago"},"content":{"rendered":"<p>&#8220;Signor Giovanni Paolo II, molti giorni abbiamo impiegato per assimilare la richiesta di  perdono che Lei, Giovanni Paolo II, ha reclamato per il genocida  Pinochet.<\/p>\n<p style=\"text-align: justify\">Ci rivolgiamo a lei come ad un cittadino comune perch\u00e9 ci  sembra aberrante che dalla sua poltrona di papa nel Vaticano, senza  conoscere n\u00e9 aver sofferto in carne propria il pungolo elettrico  (picana), le mutilazioni, lo stupro, si animi in nome di Ges\u00f9 Cristo a  chiedere clemenza per l&#8217;assassino.<br \/>\nGes\u00f9 fu crocifisso e le sue carni furono straziate dai giuda che come lei oggi difende un assassino.<\/p>\n<p style=\"text-align: justify\">Signor Giovanni Paolo, nessuna madre del terzo mondo che ha dato alla  luce un figlio che ha amato, coperto e curato con amore e che poi \u00e8  stato mutilato e ucciso dalla dittatura di Pinochet, di Videla, di  Banzer o di Stroessner accetter\u00e0 rassegnatamente la sua richiesta di  clemenza.<\/p>\n<p style=\"text-align: justify\">Noi la incontrammo in tre occasioni, per\u00f2 lei non ha impedito  il massacro, non ha alzato la sua voce per le nostre migliaia di figli  in quegli anni di orrore.<\/p>\n<p style=\"text-align: justify\">Adesso non ci rimangono dubbi da che parte lei stia, per\u00f2  sappia che sebbene il suo potere sia immenso non arriva fino a Dio, fino  a Ges\u00f9.<\/p>\n<p style=\"text-align: justify\">Molti dei nostri figli si ispirarono a Ges\u00f9 Cristo, nel donarsi al popolo.<\/p>\n<p style=\"text-align: justify\">Noi, la Associazione &#8220;Madres de Plaza de Mayo&#8221; supplichiamo, chiediamo a  Dio in una immensa preghiera che si estender\u00e0 per il mondo, che non  perdoni lei signor Giovanni Paolo II, che denigra la Chiesa del popolo  che soffre, ed in nome dei milioni di esseri umani che muoiono e  continuano a morire oggi nel mondo nelle mani dei responsabili di  genocidio che lei difende e sostiene.<\/p>\n<p style=\"text-align: justify\">Diciamo: NO LO PERDONE SE\u00d1OR A JUAN PABLO II\u00b0&#8221;<\/p>\n<p style=\"text-align: justify\">Associazione Madri di Plaza de Mayo &#8211; Buenos Aires, 23 febbraio 1999.<\/p>\n<p><iframe loading=\"lazy\" title=\"Santiago - litfiba 3\" width=\"640\" height=\"480\" src=\"https:\/\/www.youtube.com\/embed\/e-L0cMJOWQM?feature=oembed\" frameborder=\"0\" allow=\"accelerometer; autoplay; clipboard-write; encrypted-media; gyroscope; picture-in-picture; web-share\" referrerpolicy=\"strict-origin-when-cross-origin\" allowfullscreen><\/iframe><\/p>\n","protected":false},"excerpt":{"rendered":"<p>&#8220;Signor Giovanni Paolo II, molti giorni abbiamo impiegato per assimilare la richiesta di perdono che Lei, Giovanni Paolo II, ha reclamato per il genocida Pinochet. Ci rivolgiamo a lei come ad un cittadino comune perch\u00e9 ci sembra aberrante che dalla &hellip; <a href=\"https:\/\/iconsiglidiziajo.noblogs.org\/?p=247\">Continua a leggere<span class=\"meta-nav\">&rarr;<\/span><\/a><\/p>\n","protected":false},"author":2031,"featured_media":0,"comment_status":"open","ping_status":"open","sticky":false,"template":"","format":"standard","meta":{"footnotes":""},"categories":[5],"tags":[73,74,72],"class_list":["post-247","post","type-post","status-publish","format-standard","hentry","category-secondi-e-contorni","tag-dittatura","tag-papa","tag-religione"],"_links":{"self":[{"href":"https:\/\/iconsiglidiziajo.noblogs.org\/index.php?rest_route=\/wp\/v2\/posts\/247","targetHints":{"allow":["GET"]}}],"collection":[{"href":"https:\/\/iconsiglidiziajo.noblogs.org\/index.php?rest_route=\/wp\/v2\/posts"}],"about":[{"href":"https:\/\/iconsiglidiziajo.noblogs.org\/index.php?rest_route=\/wp\/v2\/types\/post"}],"author":[{"embeddable":true,"href":"https:\/\/iconsiglidiziajo.noblogs.org\/index.php?rest_route=\/wp\/v2\/users\/2031"}],"replies":[{"embeddable":true,"href":"https:\/\/iconsiglidiziajo.noblogs.org\/index.php?rest_route=%2Fwp%2Fv2%2Fcomments&post=247"}],"version-history":[{"count":4,"href":"https:\/\/iconsiglidiziajo.noblogs.org\/index.php?rest_route=\/wp\/v2\/posts\/247\/revisions"}],"predecessor-version":[{"id":252,"href":"https:\/\/iconsiglidiziajo.noblogs.org\/index.php?rest_route=\/wp\/v2\/posts\/247\/revisions\/252"}],"wp:attachment":[{"href":"https:\/\/iconsiglidiziajo.noblogs.org\/index.php?rest_route=%2Fwp%2Fv2%2Fmedia&parent=247"}],"wp:term":[{"taxonomy":"category","embeddable":true,"href":"https:\/\/iconsiglidiziajo.noblogs.org\/index.php?rest_route=%2Fwp%2Fv2%2Fcategories&post=247"},{"taxonomy":"post_tag","embeddable":true,"href":"https:\/\/iconsiglidiziajo.noblogs.org\/index.php?rest_route=%2Fwp%2Fv2%2Ftags&post=247"}],"curies":[{"name":"wp","href":"https:\/\/api.w.org\/{rel}","templated":true}]}}