{"id":168,"date":"2011-02-12T15:06:09","date_gmt":"2011-02-12T14:06:09","guid":{"rendered":"http:\/\/iconsiglidiziajo.noblogs.org\/?p=168"},"modified":"2011-04-09T23:53:28","modified_gmt":"2011-04-09T21:53:28","slug":"saper-ascoltare-anche-i-no","status":"publish","type":"post","link":"https:\/\/iconsiglidiziajo.noblogs.org\/?p=168","title":{"rendered":"Saper ascoltare anche i NO"},"content":{"rendered":"<p><a href=\"https:\/\/iconsiglidiziajo.noblogs.org\/files\/2011\/02\/fd15fromsquareamerica.com_.jpg\"><img loading=\"lazy\" decoding=\"async\" class=\"aligncenter size-medium wp-image-169\" src=\"https:\/\/iconsiglidiziajo.noblogs.org\/files\/2011\/02\/fd15fromsquareamerica.com_-300x294.jpg\" alt=\"\" width=\"300\" height=\"294\" srcset=\"https:\/\/iconsiglidiziajo.noblogs.org\/files\/2011\/02\/fd15fromsquareamerica.com_-300x294.jpg 300w, https:\/\/iconsiglidiziajo.noblogs.org\/files\/2011\/02\/fd15fromsquareamerica.com_.jpg 574w\" sizes=\"auto, (max-width: 300px) 100vw, 300px\" \/><\/a><\/p>\n<p style=\"text-align: justify\">In questi giorni sono stati sprecati veri e propri fiumi d&#8217;inchiostro (virtuale o reale) sulla partecipazione ai cortei e agli eventi legati al famoso 13 febbraio, partiti dall&#8217;indignazione chiosata e sbandierata nei ben noti appelli di presunti giornali di presunta sinistra da sedicenti donne libere.<\/p>\n<p style=\"text-align: justify\">Non voglio aggiungere nulla a questo brainstorming (c&#8217;\u00e8 addirittura chi si \u00e8 reso conto solo ora che la questione poteva essere oggetto di dibattito, mah!) e non voglio riassumere contenuti gi\u00e0 espressi.<\/p>\n<p style=\"text-align: justify\">E&#8217;abbastanza chiara la posizione di chi ha deciso di sottolineare la strumentalizzazione delle donne da parte di <a href=\"https:\/\/femminismo-a-sud.noblogs.org\/post\/2011\/01\/25\/mobilitazioni-pd-e-idv-per-le-donne-not-in-my-name\/\">alcuni partiti politici<\/a> che contemporaneamente all&#8217;ondata di sdegno sorta dal Rubygate presentano disegni di legge per limitare la libert\u00e0 femminile oppure ancora da parte di <a href=\"http:\/\/vitadastreghe.blogspot.com\/2011\/02\/una-mail-action-per-chiedere-coerenza.html\">media<\/a> che ugualmente cavalcano il risentimento popolare sul suddetto scandalo e allo stesso tempo promuovono sessismo e mercificazione del corpo femminile da decenni, esattamente come la controparte mediatica che affermano di combattere. E&#8217; altres\u00ec chiara la posizione di chi decide di non voler sottostare ad un&#8217;indignazione costruita ad arte, utile solo a spostare masse di voti ma non sorta spontaneamente dal movimento delle donne, la cui evidente scollatura si manifesta apertamente negli inviti alla partecipazione basati sulla separazione tra \u201csante e puttane\u201d di \u201cconcitiana\u201d maniera.<\/p>\n<p style=\"text-align: justify\">L&#8217;unica cosa che, a mio modo, vorrei rimarcare in tutta questa enorme e recente produzione \u00e8 la presenza di moltissimi NO all&#8217;andare in piazza, all&#8217;adesione e alla partecipazione. NO nonostante tutto, nonostante gli aggiustamenti, i ritocchi e le rimanipolazioni agli appelli, nonostante i dietrofront, i rattoppi, le provocazioni. NO forti, chiari e decisi espressi da personalit\u00e0 ed enti (cito fra tanti <a href=\"http:\/\/www.globalproject.info\/it\/community\/Se-non-ora-quando-LUnione-Donne-in-Italia-UDI-non-partecipa-allevento-del-13-Febbraio\/7386\">UDI<\/a>) che hanno fatto la storia delle donne e che in molti si ostinano a non voler comprendere.<\/p>\n<p style=\"text-align: justify\">Eppure questi NO che tanto fanno discutere andrebbero presi in considerazione come parte fondamentale del movimento delle donne, i pareri discordanti e diversi hanno sempre segnato la nostra storia: anzi, come sostengono alcuni, la disparit\u00e0 di vedute \u00e8 sempre stata il motivo pi\u00f9 evidente di debolezza e sconfitta e probabilmente \u00e8 tutto vero.<\/p>\n<p style=\"text-align: justify\">Vero \u00e8 anche che questi rifiuti, queste assenze ingombranti, questo non \u201cvolerci stare\u201da tutti i costi ci caratterizzano sempre pi\u00f9 come \u201crete\u201d e non come branco o identit\u00e0 monolitica e monocolore, logica alla quale non siamo mai volute sottostare e che ancora non fa parte del nostro modo di concepire la lotta contro il patriarcato. La pluralit\u00e0 dei femminismi e dei punti di vista \u00e8 sempre stata un vanto e non un errore, per quanto mi riguarda; l&#8217;idea di procedere come una mandria di bisonti a testa bassa verso obiettivi effimeri o fittizi o il cavalcare sentimenti popolari migrando in massa come uno stormo di anatre per trovare un posto al sole \u00e8 una cosa che fortunatamente non ci appartiene e che abbiamo sempre lasciato come prerogativa ad altri movimenti di matrice marcatamente sessista, dove l&#8217;unico obiettivo possibile sembra pi\u00f9 che altro il far fuori il nemico di turno che verr\u00e0 in seguito sostituito da un altro e un altro ancora all&#8217;infinito, pur lasciando la situazione sostanzialmente immutata.<\/p>\n<p style=\"text-align: justify\">L&#8217;ottusit\u00e0 con cui la maggior parte del genere maschile continua a voler convivere e che trova espressione nel silenzio e nella continua delega al genere femminile di problemi che riguardano l&#8217;intera societ\u00e0 mi \u00e8 molto familiare, sia nel continuo accusare le donne di creare presunti \u201corticelli\u201dmentre il problema maggiore sarebbe in realt\u00e0 rappresentato e incarnato dalla sola persona di Berlusconi, sia nell&#8217;accusa di inazione nel rifiutarsi di essere obbedienti alle logiche della piazza che richiede di saper invece sfruttare l&#8217;occasione, il momento opportuno.<\/p>\n<p style=\"text-align: justify\">Ci\u00f2 che invece trovo pi\u00f9 difficile da capire \u00e8 la mancata comprensione di questi NO da parte delle donne, specialmente quelle afferenti a partiti politici o associazioni o sindacati ad essi legati che, come se si stessero svegliando da un lungo sonno, rifiutano aprioristicamente questi NO oppure tendono a minimizzarne la portata.<\/p>\n<p style=\"text-align: justify\">Oltretutto non mi \u00e8 ben chiara questa enorme responsabilit\u00e0 attribuita ad una singola giornata di piazza se non in un&#8217;ottica di suprema manifestazione corale delle volont\u00e0 profuse dalle manifestanti in questi anni. Anzi, oserei dire che la partecipazione a questa data imposta potrebbe ad un primo acchito sembrare quasi vitale per l&#8217;intero movimento delle donne: l&#8217;esperienza invece insegna che \u00e8 la quotidianit\u00e0 dell&#8217;impegno ad aver sempre fatto la differenza e lo stare in piazza solo una dimostrazione di visibilit\u00e0 collettiva. Mi auguro che sia fuor di dubbio almeno il fatto che in piazza non ci sar\u00e0 un riconoscimento n\u00e9 un indennizzo ufficiale per la presunta dignit\u00e0 perduta e che non vi saranno certo ringraziamenti n\u00e9 deleghe da parte delle donne assenti, la maggior parte per intenderci, ossia quei milioni di donne che il 13 continueranno la loro vita come se nulla fosse, totalmente incuranti e probabilmente anche disinteressate alla tematica dell&#8217;onore da salvaguardare vs. Berlusconi o il cattivo di turno.<\/p>\n<p style=\"text-align: justify\">E&#8217; oltretutto una convinzione totalmente errata che quei NO possano arrecare un qualche tipo di danno alla causa della dignit\u00e0 femminile, direi piuttosto che contrario alla questione potrebbe risultare invece un certo tipo di atteggiamento riscontrato da pi\u00f9 parti all&#8217;interno di quei raggruppamenti politici di cui sopra e delle sue rappresentanti femminili: certamente l&#8217;ipotesi di partecipare ad un corteo urlando slogan sessisti, incitando al linciaggio verbale tramite gli insulti alle donne coinvolte negli scandali del premier, assumendo in generale una modalit\u00e0 da branco e piegandosi volontariamente a logiche maschiliste sarebbe quantomeno deleterio nei confronti dei valori che invece si dichiara di voler difendere.<\/p>\n<p style=\"text-align: justify\">Inoltre quei NO che sono stati espressi fino alla vigilia delle manifestazioni del 13, una volta scemato l&#8217;entusiasmo dell&#8217;andare in piazza e riconoscersi in qualche modo come movimento, una volta che sar\u00e0 finito questo inutile baccano e questo ciarpame mediatico si trasformeranno in SI&#8217;, in presenze quotidiane che combattono tutti i giorni sessismo, discriminazioni, violenza sessuata, limitazioni della libert\u00e0. Battaglie che vanno combattute innanzitutto per noi stesse, completamente immerse e sommerse da un mondo patriarcale a cui cerchiamo di ribellarci ogni volta ma con modalit\u00e0 che ci sono proprie, autentiche, libere da regole altre e da contenuti non nostri.<\/p>\n<p style=\"text-align: justify\">Spero solo che una volta fatto fuori il nemico si abbia il coraggio di prendere una posizione decisa, di pretendere finalmente quei diritti fondamentali che finora sono stati disattesi o ignorati, che si rifiuti il sessismo a prescindere dalla forza politica che salir\u00e0 al potere e di boicottarlo in tutti i modi, fosse pure evitando l&#8217;acquisto di prodotti che hanno sdoganato immagini o comportamenti lesivi della dignit\u00e0 femminile o anche solo con il semplicissimo gesto di spegnere la televisione.<\/p>\n<p style=\"text-align: justify\">Spero che l&#8217;indignazione tanto sbandierata non ceda mai il passo quando si subir\u00e0 veramente la discriminazione nella vita di tutti i giorni, nelle parole e nei gesti di chi, uomo o donna che sia, tenter\u00e0 di limitare la nostra libert\u00e0 in maniera del tutto legale: nei consultori e negli ospedali gli obiettori sono gi\u00e0 legalmente in maggioranza, nei Cie legalmente si detengono donne e legalmente i tentativi di stupro <a href=\"http:\/\/www.umanitanova.org\/n-4-anno-91\/joy-il-prezzo-della-dignit%C3%A0\">non sono puniti<\/a>, nelle strade legalmente vengono arrestate o schedate le prostitute ma non i clienti, nel parlamento legalmente vengono proposti disegni di legge per smantellare i centri antiviolenza e cos\u00ec via.<\/p>\n<p style=\"text-align: justify\">Spero che alla fine, chi vuole aderire a tutti i costi alla manifestazione del 13 lo faccia in maniera critica: sono tante e variegate le forme di protesta \u201cpensante\u201d che si muoveranno domenica e riassumerle qui sarebbe impossibile, segnalo per\u00f2 la <a href=\"http:\/\/www.facebook.com\/home.php?ref=home#!\/pages\/Ombrelli-rossi-per-i-diritti-di-tutte-le-donne\/192744844077429\">critical mass degli ombrelli rossi<\/a> che si terr\u00e0 in varie parti d&#8217;Italia e l&#8217;<a href=\"https:\/\/femminismo-a-sud.noblogs.org\/post\/2011\/02\/08\/13-febbraio-massa-critica-con-gli-ombrelli-rossi-noi-vogliamo-tutto\/\">appello di Femminismo a Sud<\/a> al riguardo che vede l&#8217;unit\u00e0 di donne &#8220;perbene&#8221; e donne &#8220;permale&#8221; non come semplice aggregazione ma come proposta di ascolto delle tante voci del movimento, che come i NO sono ricchezza, sono voci di donne.<\/p>\n<p style=\"text-align: justify\"><a href=\"https:\/\/iconsiglidiziajo.noblogs.org\/files\/2011\/02\/9cyPFQbgCmus10ugZxWd73lto1_5001.jpg\"><img loading=\"lazy\" decoding=\"async\" class=\"aligncenter size-medium wp-image-170\" src=\"https:\/\/iconsiglidiziajo.noblogs.org\/files\/2011\/02\/9cyPFQbgCmus10ugZxWd73lto1_5001-221x300.jpg\" alt=\"\" width=\"221\" height=\"300\" srcset=\"https:\/\/iconsiglidiziajo.noblogs.org\/files\/2011\/02\/9cyPFQbgCmus10ugZxWd73lto1_5001-221x300.jpg 221w, https:\/\/iconsiglidiziajo.noblogs.org\/files\/2011\/02\/9cyPFQbgCmus10ugZxWd73lto1_5001.jpg 500w\" sizes=\"auto, (max-width: 221px) 100vw, 221px\" \/><\/a><\/p>\n","protected":false},"excerpt":{"rendered":"<p>In questi giorni sono stati sprecati veri e propri fiumi d&#8217;inchiostro (virtuale o reale) sulla partecipazione ai cortei e agli eventi legati al famoso 13 febbraio, partiti dall&#8217;indignazione chiosata e sbandierata nei ben noti appelli di presunti giornali di presunta &hellip; <a href=\"https:\/\/iconsiglidiziajo.noblogs.org\/?p=168\">Continua a leggere<span class=\"meta-nav\">&rarr;<\/span><\/a><\/p>\n","protected":false},"author":2031,"featured_media":0,"comment_status":"open","ping_status":"open","sticky":false,"template":"","format":"standard","meta":{"footnotes":""},"categories":[8],"tags":[33],"class_list":["post-168","post","type-post","status-publish","format-standard","hentry","category-primi-piatti-e-femminismo","tag-manifestazione"],"_links":{"self":[{"href":"https:\/\/iconsiglidiziajo.noblogs.org\/index.php?rest_route=\/wp\/v2\/posts\/168","targetHints":{"allow":["GET"]}}],"collection":[{"href":"https:\/\/iconsiglidiziajo.noblogs.org\/index.php?rest_route=\/wp\/v2\/posts"}],"about":[{"href":"https:\/\/iconsiglidiziajo.noblogs.org\/index.php?rest_route=\/wp\/v2\/types\/post"}],"author":[{"embeddable":true,"href":"https:\/\/iconsiglidiziajo.noblogs.org\/index.php?rest_route=\/wp\/v2\/users\/2031"}],"replies":[{"embeddable":true,"href":"https:\/\/iconsiglidiziajo.noblogs.org\/index.php?rest_route=%2Fwp%2Fv2%2Fcomments&post=168"}],"version-history":[{"count":3,"href":"https:\/\/iconsiglidiziajo.noblogs.org\/index.php?rest_route=\/wp\/v2\/posts\/168\/revisions"}],"predecessor-version":[{"id":227,"href":"https:\/\/iconsiglidiziajo.noblogs.org\/index.php?rest_route=\/wp\/v2\/posts\/168\/revisions\/227"}],"wp:attachment":[{"href":"https:\/\/iconsiglidiziajo.noblogs.org\/index.php?rest_route=%2Fwp%2Fv2%2Fmedia&parent=168"}],"wp:term":[{"taxonomy":"category","embeddable":true,"href":"https:\/\/iconsiglidiziajo.noblogs.org\/index.php?rest_route=%2Fwp%2Fv2%2Fcategories&post=168"},{"taxonomy":"post_tag","embeddable":true,"href":"https:\/\/iconsiglidiziajo.noblogs.org\/index.php?rest_route=%2Fwp%2Fv2%2Ftags&post=168"}],"curies":[{"name":"wp","href":"https:\/\/api.w.org\/{rel}","templated":true}]}}